{"id":1366,"__str__":"INDICA\u00c7\u00c3O n\u00ba 18 de 2026","link_detail_backend":"/materia/1366","metadata":{},"numero":18,"ano":2026,"numero_protocolo":null,"data_apresentacao":"2026-03-18","tipo_apresentacao":"E","data_publicacao":"2026-03-18","numero_origem_externa":"","ano_origem_externa":null,"data_origem_externa":null,"apelido":"","dias_prazo":null,"data_fim_prazo":"2026-03-18","em_tramitacao":false,"polemica":false,"objeto":"","complementar":false,"ementa":"Indicamos \u00e0 Mesa, depois de ouvido o Plen\u00e1rio e obedecidas as normas regimentais, que seja enviado um apelo \u00e0 Excelent\u00edssima Senhora Ana Carolina Coelho Jord\u00e3o, MD. Prefeita do Munic\u00edpio de Ribeir\u00e3o, por meio da secretaria competente, providencie a instala\u00e7\u00e3o da Casa da Cultura e Artesanato, no pr\u00e9dio da antiga Esta\u00e7\u00e3o Ferrovi\u00e1ria, centro, nesta cidade.","indexacao":"","observacao":"","resultado":"","texto_original":"http://sapl.ribeirao.pe.leg.br/media/sapl/public/materialegislativa/2026/1366/indicacao_no_018-2026.pdf","data_ultima_atualizacao":"2026-03-19T09:46:46.502965-03:00","ip":"45.185.215.102","ultima_edicao":"2026-03-19T09:46:08.315140-03:00","tipo":2,"regime_tramitacao":3,"tipo_origem_externa":null,"local_origem_externa":null,"user":27,"anexadas":[],"autores":[113]}