{"id":1367,"__str__":"INDICA\u00c7\u00c3O n\u00ba 19 de 2026","link_detail_backend":"/materia/1367","metadata":{},"numero":19,"ano":2026,"numero_protocolo":null,"data_apresentacao":"2026-03-18","tipo_apresentacao":"E","data_publicacao":"2026-03-18","numero_origem_externa":"","ano_origem_externa":null,"data_origem_externa":null,"apelido":"","dias_prazo":null,"data_fim_prazo":"2026-03-18","em_tramitacao":false,"polemica":false,"objeto":"","complementar":false,"ementa":"Indicamos \u00e0 Mesa, depois de ouvido o Plen\u00e1rio e obedecidas as normas regimentais, que seja enviado um apelo \u00e0 Excelent\u00edssima Senhora Ana Carolina Coelho Jord\u00e3o, MD. Prefeita do Munic\u00edpio de Ribeir\u00e3o, por meio da secretaria competente, providencie a disponibiliza\u00e7\u00e3o de curso de capacita\u00e7\u00e3o para profissionais vinculados \u00e0s m\u00e3es colaboradoras das escolas p\u00fablicas, com foco no atendimento \u00e0s crian\u00e7as at\u00edpicas.","indexacao":"","observacao":"","resultado":"","texto_original":"http://sapl.ribeirao.pe.leg.br/media/sapl/public/materialegislativa/2026/1367/indicacao_no_019-2026.pdf","data_ultima_atualizacao":"2026-03-19T09:47:27.416962-03:00","ip":"45.185.215.102","ultima_edicao":"2026-03-19T09:46:49.920652-03:00","tipo":2,"regime_tramitacao":3,"tipo_origem_externa":null,"local_origem_externa":null,"user":27,"anexadas":[],"autores":[113]}