{"id":1375,"__str__":"INDICA\u00c7\u00c3O n\u00ba 21 de 2026","link_detail_backend":"/materia/1375","metadata":{},"numero":21,"ano":2026,"numero_protocolo":null,"data_apresentacao":"2026-03-25","tipo_apresentacao":"E","data_publicacao":"2026-03-25","numero_origem_externa":"","ano_origem_externa":null,"data_origem_externa":null,"apelido":"","dias_prazo":null,"data_fim_prazo":"2026-03-25","em_tramitacao":false,"polemica":false,"objeto":"","complementar":false,"ementa":"Indicamos \u00e0 Mesa, depois de ouvido o Plen\u00e1rio e obedecidas as normas regimentais, que seja enviado um apelo \u00e0 Excelent\u00edssima Senhora Ana Carolina Coelho Jord\u00e3o, MD. Prefeita do Munic\u00edpio de Ribeir\u00e3o, que, por meio da secretaria competente, seja determinada a obrigatoriedade de que todos os ve\u00edculos pertencentes \u00e0s Secretarias Municipais sejam recolhidos, ao final do expediente, ao p\u00e1tio de estacionamento do Centro de Sa\u00fade Municipal, excetuando-se os ve\u00edculos destinados a servi\u00e7os essenciais e cont\u00ednuos, como ambul\u00e2ncias, viaturas da Guarda Municipal e outros devidamente autorizados.","indexacao":"","observacao":"","resultado":"","texto_original":"http://sapl.ribeirao.pe.leg.br/media/sapl/public/materialegislativa/2026/1375/indicacao_no_021-2026.pdf","data_ultima_atualizacao":"2026-03-27T10:28:13.750532-03:00","ip":"45.185.215.102","ultima_edicao":"2026-03-27T10:27:02.302306-03:00","tipo":2,"regime_tramitacao":3,"tipo_origem_externa":null,"local_origem_externa":null,"user":27,"anexadas":[],"autores":[113]}