{"id":1376,"__str__":"INDICA\u00c7\u00c3O n\u00ba 22 de 2026","link_detail_backend":"/materia/1376","metadata":{},"numero":22,"ano":2026,"numero_protocolo":null,"data_apresentacao":"2026-03-25","tipo_apresentacao":"E","data_publicacao":"2026-03-25","numero_origem_externa":"","ano_origem_externa":null,"data_origem_externa":null,"apelido":"","dias_prazo":null,"data_fim_prazo":"2026-03-25","em_tramitacao":false,"polemica":false,"objeto":"","complementar":false,"ementa":"Indicamos \u00e0 Mesa, depois de ouvido o Plen\u00e1rio e obedecidas as normas regimentais, que seja enviado um apelo \u00e0 Excelent\u00edssima Senhora Ana Carolina Coelho Jord\u00e3o, MD. Prefeita do Munic\u00edpio de Ribeir\u00e3o, que, por meio das secretarias competentes, seja elaborado e executado um planejamento de a\u00e7\u00f5es integradas na Vila Jos\u00e9 Mariano, neste munic\u00edpio, bem como a realiza\u00e7\u00e3o de vistorias t\u00e9cnicas por parte dos secretariados em suas respectivas \u00e1reas de atua\u00e7\u00e3o.","indexacao":"","observacao":"","resultado":"","texto_original":"http://sapl.ribeirao.pe.leg.br/media/sapl/public/materialegislativa/2026/1376/indicacao_no_022-2026.pdf","data_ultima_atualizacao":"2026-03-27T10:29:35.874413-03:00","ip":"45.185.215.102","ultima_edicao":"2026-03-27T10:28:39.387443-03:00","tipo":2,"regime_tramitacao":3,"tipo_origem_externa":null,"local_origem_externa":null,"user":27,"anexadas":[],"autores":[113]}