{"id":1379,"__str__":"REQUERIMENTO n\u00ba 23 de 2026","link_detail_backend":"/materia/1379","metadata":{},"numero":23,"ano":2026,"numero_protocolo":null,"data_apresentacao":"2026-03-25","tipo_apresentacao":"E","data_publicacao":"2026-03-25","numero_origem_externa":"","ano_origem_externa":null,"data_origem_externa":null,"apelido":"","dias_prazo":null,"data_fim_prazo":"2026-03-25","em_tramitacao":false,"polemica":false,"objeto":"","complementar":false,"ementa":"O Vereador ANTONIO CARLOS DE AZEVEDO FILHO, no uso de suas atribui\u00e7\u00f5es legais e regimentais, requer, ap\u00f3s ouvido o Plen\u00e1rio, que seja encaminhado um apelo a Excelent\u00edssima Senhora, ANA CAROLINA COELHO JORD\u00c3O, MD. Prefeita do Munic\u00edpio de Ribeir\u00e3o, para que providencie a cria\u00e7\u00e3o do Projeto \u201cLuta pela Inclus\u00e3o\u201d, com a finalidade de promover a pr\u00e1tica de: \u25cfJiu-jitsu; \u25cfJud\u00f4. Com foco em crian\u00e7as, adolescentes e pessoas com defici\u00eancia, incluindo TEA, s\u00edndrome de Down e outras condi\u00e7\u00f5es.","indexacao":"","observacao":"","resultado":"","texto_original":"http://sapl.ribeirao.pe.leg.br/media/sapl/public/materialegislativa/2026/1379/requerimento_no_023-2026.pdf","data_ultima_atualizacao":"2026-03-30T09:04:35.226371-03:00","ip":"45.185.215.102","ultima_edicao":"2026-03-30T09:03:52.904071-03:00","tipo":1,"regime_tramitacao":3,"tipo_origem_externa":null,"local_origem_externa":null,"user":27,"anexadas":[],"autores":[124]}