{"id":1380,"__str__":"INDICA\u00c7\u00c3O n\u00ba 23 de 2026","link_detail_backend":"/materia/1380","metadata":{},"numero":23,"ano":2026,"numero_protocolo":null,"data_apresentacao":"2026-04-08","tipo_apresentacao":"E","data_publicacao":"2026-04-08","numero_origem_externa":"","ano_origem_externa":null,"data_origem_externa":null,"apelido":"","dias_prazo":null,"data_fim_prazo":"2026-04-08","em_tramitacao":false,"polemica":false,"objeto":"","complementar":false,"ementa":"Indicamos a Mesa depois de ouvido o Plen\u00e1rio, obedecido as normas regimentais, encaminhada ao Poder Executivo Municipal, por meio da Secretaria de Educa\u00e7\u00e3o, a ado\u00e7\u00e3o de medidas para a efetiva aplica\u00e7\u00e3o, no \u00e2mbito da rede municipal de ensino, da Lei Federal n\u00ba 10.639/2003 e da Lei Federal n\u00ba 11.645/2008, que tornam obrigat\u00f3rio o ensino da hist\u00f3ria e cultura afro-brasileira, africana e ind\u00edgena.","indexacao":"","observacao":"","resultado":"","texto_original":"http://sapl.ribeirao.pe.leg.br/media/sapl/public/materialegislativa/2026/1380/indicacao_no_023-2026.pdf","data_ultima_atualizacao":"2026-04-14T09:10:55.960020-03:00","ip":"45.185.215.102","ultima_edicao":"2026-04-14T09:10:03.076763-03:00","tipo":2,"regime_tramitacao":3,"tipo_origem_externa":null,"local_origem_externa":null,"user":27,"anexadas":[],"autores":[124]}