{"id":1381,"__str__":"INDICA\u00c7\u00c3O n\u00ba 24 de 2026","link_detail_backend":"/materia/1381","metadata":{},"numero":24,"ano":2026,"numero_protocolo":null,"data_apresentacao":"2026-04-08","tipo_apresentacao":"E","data_publicacao":"2026-04-08","numero_origem_externa":"","ano_origem_externa":null,"data_origem_externa":null,"apelido":"","dias_prazo":null,"data_fim_prazo":"2026-04-08","em_tramitacao":false,"polemica":false,"objeto":"","complementar":false,"ementa":"Indicamos a Mesa depois de ouvido o Plen\u00e1rio, obedecido as normas regimentais, que seja enviado um apelo a Excelent\u00edssima Senhora, Ana Carolina Coelho Jord\u00e3o, MD. Prefeita do Munic\u00edpio de Ribeir\u00e3o que, seja implantado um Programa Municipal de Refor\u00e7o Escolar para os alunos da rede p\u00fablica municipal.","indexacao":"","observacao":"","resultado":"","texto_original":"http://sapl.ribeirao.pe.leg.br/media/sapl/public/materialegislativa/2026/1381/indicacao_no_024-2026.pdf","data_ultima_atualizacao":"2026-04-14T09:11:41.921073-03:00","ip":"45.185.215.102","ultima_edicao":"2026-04-14T09:11:00.020384-03:00","tipo":2,"regime_tramitacao":3,"tipo_origem_externa":null,"local_origem_externa":null,"user":27,"anexadas":[],"autores":[124]}