{"id":1382,"__str__":"INDICA\u00c7\u00c3O n\u00ba 25 de 2026","link_detail_backend":"/materia/1382","metadata":{},"numero":25,"ano":2026,"numero_protocolo":null,"data_apresentacao":"2026-04-08","tipo_apresentacao":"E","data_publicacao":"2026-04-08","numero_origem_externa":"","ano_origem_externa":null,"data_origem_externa":null,"apelido":"","dias_prazo":null,"data_fim_prazo":"2026-04-08","em_tramitacao":false,"polemica":false,"objeto":"","complementar":false,"ementa":"Indicamos a Mesa depois de ouvido o Plen\u00e1rio, obedecido as normas regimentais, que seja enviado um apelo a Excelent\u00edssima Senhora, Ana Carolina Coelho Jord\u00e3o, MD. Prefeita do Munic\u00edpio de Ribeir\u00e3o que, seja feita a cria\u00e7\u00e3o e realiza\u00e7\u00e3o da EXPO RIBEIR\u00c3O, feira municipal de exposi\u00e7\u00e3o voltada ao desenvolvimento econ\u00f4mico, tur\u00edstico, cultural e agropecu\u00e1rio do munic\u00edpio, bem como sua inclus\u00e3o no calend\u00e1rio oficial de eventos.","indexacao":"","observacao":"","resultado":"","texto_original":"http://sapl.ribeirao.pe.leg.br/media/sapl/public/materialegislativa/2026/1382/indicacao_no_025-2026.pdf","data_ultima_atualizacao":"2026-04-14T09:12:26.418002-03:00","ip":"45.185.215.102","ultima_edicao":"2026-04-14T09:11:44.706358-03:00","tipo":2,"regime_tramitacao":3,"tipo_origem_externa":null,"local_origem_externa":null,"user":27,"anexadas":[],"autores":[124]}