{"id":1383,"__str__":"INDICA\u00c7\u00c3O n\u00ba 26 de 2026","link_detail_backend":"/materia/1383","metadata":{},"numero":26,"ano":2026,"numero_protocolo":null,"data_apresentacao":"2026-04-08","tipo_apresentacao":"E","data_publicacao":"2026-04-08","numero_origem_externa":"","ano_origem_externa":null,"data_origem_externa":null,"apelido":"","dias_prazo":null,"data_fim_prazo":"2026-04-08","em_tramitacao":false,"polemica":false,"objeto":"","complementar":false,"ementa":"Indicamos \u00e0 Mesa, ouvido o Plen\u00e1rio e cumpridas as formalidades regimentais, que seja encaminhado expediente \u00e0 Excelent\u00edssima Prefeita do Munic\u00edpio de Ribeir\u00e3o, bem como \u00e0 Secretaria Municipal de Sa\u00fade, solicitando a contrata\u00e7\u00e3o e/ou disponibiliza\u00e7\u00e3o de m\u00e9dicos especialistas em pediatria para atendimento na rede p\u00fablica municipal, especialmente no Hospital Geral de Ribeir\u00e3o.","indexacao":"","observacao":"","resultado":"","texto_original":"http://sapl.ribeirao.pe.leg.br/media/sapl/public/materialegislativa/2026/1383/indicacao_no_026-2026.pdf","data_ultima_atualizacao":"2026-04-14T09:13:15.522033-03:00","ip":"45.185.215.102","ultima_edicao":"2026-04-14T09:12:29.273325-03:00","tipo":2,"regime_tramitacao":3,"tipo_origem_externa":null,"local_origem_externa":null,"user":27,"anexadas":[],"autores":[127]}