{"id":1385,"__str__":"INDICA\u00c7\u00c3O n\u00ba 28 de 2026","link_detail_backend":"/materia/1385","metadata":{},"numero":28,"ano":2026,"numero_protocolo":null,"data_apresentacao":"2026-04-08","tipo_apresentacao":"E","data_publicacao":"2026-04-08","numero_origem_externa":"","ano_origem_externa":null,"data_origem_externa":null,"apelido":"","dias_prazo":null,"data_fim_prazo":"2026-04-08","em_tramitacao":false,"polemica":false,"objeto":"","complementar":false,"ementa":"Indicamos \u00e0 Mesa, depois de ouvido o Plen\u00e1rio e obedecidas as normas regimentais, que seja enviado um apelo \u00e0 Excelent\u00edssima Senhora Ana Carolina Coelho Jord\u00e3o, MD. Prefeita do Munic\u00edpio de Ribeir\u00e3o, por meio da secretaria competente, providenciar a implanta\u00e7\u00e3o de sistema de climatiza\u00e7\u00e3o nas salas de aula da Escola Municipal Deomedes Ferreira de Melo, localizada na Parte Baixa da Vila Bandeirante, neste munic\u00edpio.","indexacao":"","observacao":"","resultado":"","texto_original":"http://sapl.ribeirao.pe.leg.br/media/sapl/public/materialegislativa/2026/1385/indicacao_no_028-2026.pdf","data_ultima_atualizacao":"2026-04-14T09:14:42.496653-03:00","ip":"45.185.215.102","ultima_edicao":"2026-04-14T09:14:00.328522-03:00","tipo":2,"regime_tramitacao":3,"tipo_origem_externa":null,"local_origem_externa":null,"user":27,"anexadas":[],"autores":[126]}