{"id":1389,"__str__":"REQUERIMENTO n\u00ba 24 de 2026","link_detail_backend":"/materia/1389","metadata":{},"numero":24,"ano":2026,"numero_protocolo":null,"data_apresentacao":"2026-03-25","tipo_apresentacao":"E","data_publicacao":"2026-04-08","numero_origem_externa":"","ano_origem_externa":null,"data_origem_externa":null,"apelido":"","dias_prazo":null,"data_fim_prazo":"2026-04-08","em_tramitacao":false,"polemica":false,"objeto":"","complementar":false,"ementa":"O Vereador ELISEU MIRANDA DE BARROS SILVA, no uso de suas atribui\u00e7\u00f5es legais e regimentais, requer, ap\u00f3s ouvido o Plen\u00e1rio, que seja encaminhado um apelo a Excelent\u00edssima Senhora, ANA CAROLINA COELHO JORD\u00c3O, MD. Prefeita do Munic\u00edpio de Ribeir\u00e3o, por meio da Secretaria competente, providencie a Pol\u00edtica Municipal de Aten\u00e7\u00e3o \u00e0 Esclerose Lateral Amiotr\u00f3fica (ELA), com a finalidade de garantir assist\u00eancia integral \u00e0s pessoas diagnosticadas com a doen\u00e7a, bem como apoio cont\u00ednuo \u00e0s suas fam\u00edlias, por meio da rede municipal de sa\u00fade e de a\u00e7\u00f5es intersetoriais.","indexacao":"","observacao":"","resultado":"","texto_original":null,"data_ultima_atualizacao":"2026-04-14T09:18:17.323429-03:00","ip":"45.185.215.102","ultima_edicao":"2026-04-14T09:17:34.221182-03:00","tipo":1,"regime_tramitacao":3,"tipo_origem_externa":null,"local_origem_externa":null,"user":27,"anexadas":[],"autores":[125]}