{"id":1391,"__str__":"REQUERIMENTO n\u00ba 26 de 2026","link_detail_backend":"/materia/1391","metadata":{},"numero":26,"ano":2026,"numero_protocolo":null,"data_apresentacao":"2026-04-08","tipo_apresentacao":"E","data_publicacao":"2026-04-08","numero_origem_externa":"","ano_origem_externa":null,"data_origem_externa":null,"apelido":"","dias_prazo":null,"data_fim_prazo":"2026-04-08","em_tramitacao":false,"polemica":false,"objeto":"","complementar":false,"ementa":"Requeiro \u00e0 Mesa, ouvido o Plen\u00e1rio e cumpridas as formalidades regimentais, que seja encaminhado ao Excelent\u00edssima Senhora Prefeita do Munic\u00edpio de Ribeir\u00e3o/PE, bem como \u00e0 Secretaria competente, o presente pedido de implanta\u00e7\u00e3o de uma pra\u00e7a com est\u00edmulos sensoriais, voltada especialmente para crian\u00e7as com TEA e TDAH, situada ao lado do Centro Poliesportivo no bairro da Cohab.","indexacao":"","observacao":"","resultado":"","texto_original":"http://sapl.ribeirao.pe.leg.br/media/sapl/public/materialegislativa/2026/1391/requerimento_no_026-2026.pdf","data_ultima_atualizacao":"2026-04-14T09:20:11.904687-03:00","ip":"45.185.215.102","ultima_edicao":"2026-04-14T09:19:25.517034-03:00","tipo":1,"regime_tramitacao":3,"tipo_origem_externa":null,"local_origem_externa":null,"user":27,"anexadas":[],"autores":[123]}